{"id":1362,"date":"2016-04-07T07:13:43","date_gmt":"2016-04-07T07:13:43","guid":{"rendered":"http:\/\/inocentar.tmf.bg.ac.rs\/?p=1362"},"modified":"2016-04-07T07:29:29","modified_gmt":"2016-04-07T07:29:29","slug":"godina-preduzetnistva","status":"publish","type":"post","link":"https:\/\/inocentar.tmf.bg.ac.rs\/?p=1362","title":{"rendered":"Godina preduzetni\u0161tva"},"content":{"rendered":"<p style=\"text-align: justify;\"><strong>Godina preduzetni\u0161tva 2016<\/strong> je veliki paket razli\u010ditih programa dr\u017eave \u010diji je cilj da se oja\u010daju preduzetni\u010dke snage, pomogne preduzetnicima koji po\u010dinju posao ili su ga, do odre\u0111enog nivoa, ve\u0107 razvili i pru\u017ei finansijski i nefinansijski oslonac za dugoro\u010dni razvoj preduzetni\u010dkog duha. Strate\u0161ko opredeljenje Vlade Srbije je razvoj konkurentne privrede koja, kao i sve razvijene i uspe\u0161ne ekonomije modernog sveta, po\u010diva na idejama privatne inicijative, preduzetni\u010dkog duha i dru\u0161tvenog konsenzusa o va\u017enoj ulozi dr\u017eave i \u010ditavog dru\u0161tva u podsticanju takvih vrednosti i dugoro\u010dnih politika.<\/p>\n<p style=\"text-align: justify;\"><img loading=\"lazy\" decoding=\"async\" class=\"wp-image-1363 aligncenter\" src=\"https:\/\/inocentar.tmf.bg.ac.rs\/wp-content\/uploads\/01-03-2016-Godina-preduzetnistva.jpg\" alt=\"01-03-2016-Godina-preduzetnistva\" width=\"592\" height=\"353\" srcset=\"https:\/\/inocentar.tmf.bg.ac.rs\/wp-content\/uploads\/01-03-2016-Godina-preduzetnistva.jpg 620w, https:\/\/inocentar.tmf.bg.ac.rs\/wp-content\/uploads\/01-03-2016-Godina-preduzetnistva-300x179.jpg 300w\" sizes=\"auto, (max-width: 592px) 100vw, 592px\" \/><\/p>\n<p>Zbog toga je 2016. godina, sa stanovi\u0161ta dr\u017eave, progla\u0161ena <strong>Godinom preduzetni\u0161tva<\/strong>. Tokom ove godine bi\u0107e paralelno sprovedeni vrlo konkretni paketi pomo\u0107i privatnom sektoru zasnovanom na preduzetni\u010dkom pristupu, ali i vo\u0111ena strate\u0161ka akcija pokretanja talasa naj\u0161ireg dru\u0161tvenog napora za inaugurisanje principa preduzetni\u0161tva kao na\u010dina mi\u0161ljenja u ekonomiji, obrazovanju, kulturi, dr\u017eavnim politikama i svim najzna\u010dajnijim dru\u0161tvenim procesima.<\/p>\n<p>Za aktuelne informacije i konkurse pratite sajt <span style=\"color: #3366ff;\"><a style=\"color: #3366ff;\" href=\"http:\/\/godinapreduzetnistva.rs\">http:\/\/godinapreduzetnistva.rs<\/a><\/span>.<\/p>\n","protected":false},"excerpt":{"rendered":"<p>Godina preduzetni\u0161tva 2016 je veliki paket razli\u010ditih programa dr\u017eave \u010diji je cilj da se oja\u010daju preduzetni\u010dke snage, pomogne preduzetnicima koji po\u010dinju posao ili su ga, do odre\u0111enog nivoa, ve\u0107 razvili i pru\u017ei finansijski i nefinansijski oslonac za dugoro\u010dni razvoj preduzetni\u010dkog duha. Strate\u0161ko opredeljenje Vlade Srbije je razvoj konkurentne privrede koja, kao i sve razvijene i [&hellip;]<\/p>\n","protected":false},"author":1,"featured_media":1363,"comment_status":"open","ping_status":"closed","sticky":false,"template":"","format":"standard","meta":{"_acf_changed":false,"_exactmetrics_skip_tracking":false,"_exactmetrics_sitenote_active":false,"_exactmetrics_sitenote_note":"","_exactmetrics_sitenote_category":0,"footnotes":""},"categories":[3],"tags":[],"class_list":["post-1362","post","type-post","status-publish","format-standard","has-post-thumbnail","hentry","category-vesti"],"acf":[],"_links":{"self":[{"href":"https:\/\/inocentar.tmf.bg.ac.rs\/index.php?rest_route=\/wp\/v2\/posts\/1362","targetHints":{"allow":["GET"]}}],"collection":[{"href":"https:\/\/inocentar.tmf.bg.ac.rs\/index.php?rest_route=\/wp\/v2\/posts"}],"about":[{"href":"https:\/\/inocentar.tmf.bg.ac.rs\/index.php?rest_route=\/wp\/v2\/types\/post"}],"author":[{"embeddable":true,"href":"https:\/\/inocentar.tmf.bg.ac.rs\/index.php?rest_route=\/wp\/v2\/users\/1"}],"replies":[{"embeddable":true,"href":"https:\/\/inocentar.tmf.bg.ac.rs\/index.php?rest_route=%2Fwp%2Fv2%2Fcomments&post=1362"}],"version-history":[{"count":2,"href":"https:\/\/inocentar.tmf.bg.ac.rs\/index.php?rest_route=\/wp\/v2\/posts\/1362\/revisions"}],"predecessor-version":[{"id":1365,"href":"https:\/\/inocentar.tmf.bg.ac.rs\/index.php?rest_route=\/wp\/v2\/posts\/1362\/revisions\/1365"}],"wp:featuredmedia":[{"embeddable":true,"href":"https:\/\/inocentar.tmf.bg.ac.rs\/index.php?rest_route=\/wp\/v2\/media\/1363"}],"wp:attachment":[{"href":"https:\/\/inocentar.tmf.bg.ac.rs\/index.php?rest_route=%2Fwp%2Fv2%2Fmedia&parent=1362"}],"wp:term":[{"taxonomy":"category","embeddable":true,"href":"https:\/\/inocentar.tmf.bg.ac.rs\/index.php?rest_route=%2Fwp%2Fv2%2Fcategories&post=1362"},{"taxonomy":"post_tag","embeddable":true,"href":"https:\/\/inocentar.tmf.bg.ac.rs\/index.php?rest_route=%2Fwp%2Fv2%2Ftags&post=1362"}],"curies":[{"name":"wp","href":"https:\/\/api.w.org\/{rel}","templated":true}]}}