{"id":1189,"date":"2015-05-11T11:48:18","date_gmt":"2015-05-11T11:48:18","guid":{"rendered":"http:\/\/inocentar.tmf.bg.ac.rs\/?p=1189"},"modified":"2015-05-11T12:23:19","modified_gmt":"2015-05-11T12:23:19","slug":"tmf-i-ic-tmf-ponovo-na-sajmu-tehnike-i-tehnickih-dostignuca","status":"publish","type":"post","link":"https:\/\/inocentar.tmf.bg.ac.rs\/?p=1189","title":{"rendered":"TMF i IC TMF na Sajmu tehnike i tehni\u010dkih dostignu\u0107a 2015."},"content":{"rendered":"<p style=\"text-align: justify;\">Me\u0111unarodni sajam tehnike i tehni\u010dkih dostignu\u0107a otvoren je danas na Beogradskom sajmu, a okupio je 500 izlaga\u010da iz 25 zemalja. Sajam je otvorio ministar privrede Srbije \u017deljko Serti\u0107, koji je istakao da tako veliki broj kompanija koje izla\u017eu na Sajmu tehnike u Beogradu govori da smatraju da tr\u017ei\u0161te Srbije ima potencijal za rast i razvoj.<a href=\"https:\/\/inocentar.tmf.bg.ac.rs\/wp-content\/uploads\/2015-05-10-18.01.35.jpg\"><img loading=\"lazy\" decoding=\"async\" class=\"  aligncenter wp-image-1190 \" src=\"https:\/\/inocentar.tmf.bg.ac.rs\/wp-content\/uploads\/2015-05-10-18.01.35.jpg\" alt=\"2015-05-10 18.01.35\" width=\"570\" height=\"449\" srcset=\"https:\/\/inocentar.tmf.bg.ac.rs\/wp-content\/uploads\/2015-05-10-18.01.35.jpg 609w, https:\/\/inocentar.tmf.bg.ac.rs\/wp-content\/uploads\/2015-05-10-18.01.35-300x236.jpg 300w\" sizes=\"auto, (max-width: 570px) 100vw, 570px\" \/><\/a><\/p>\n<p style=\"text-align: justify;\">\u0160tand <strong>TMF <\/strong>i<strong> IC TMF<\/strong> i ove godine se nalazi u Hali 2, nivo b.<\/p>\n<p style=\"text-align: justify;\">Na ovogodi\u0161njem izdanju sajma na\u0161e institucije predstavili smo sa: <em>polimernim opti\u010dkim kablom, eko armaturom, legurom Al povi\u0161ene \u010dvrsto\u0107e, recikliranim biljnim uljem, katalizatorom za biodizel, nanosprejom za podmazivanje ma\u0161inskih sklopova na visokim temperaturama, presek \u0161ine zavarene novim alumotermijskim postupkom, kao i malinova\u010dom proizvedenom pobolj\u0161anim tehnolo\u0161kim postupkom i brojnim drugim tehni\u010dkim re\u0161enjima i inovacijama<\/em>.<\/p>\n<p style=\"text-align: justify;\"><a href=\"https:\/\/inocentar.tmf.bg.ac.rs\/wp-content\/uploads\/image-1335f95a1aa07135112c3c774248d076bdadb461f310c15966d8f558e9fb41a1-V.jpg\"><img loading=\"lazy\" decoding=\"async\" class=\"aligncenter wp-image-1199 \" src=\"https:\/\/inocentar.tmf.bg.ac.rs\/wp-content\/uploads\/image-1335f95a1aa07135112c3c774248d076bdadb461f310c15966d8f558e9fb41a1-V-768x1024.jpg\" alt=\"image-1335f95a1aa07135112c3c774248d076bdadb461f310c15966d8f558e9fb41a1-V\" width=\"417\" height=\"556\" srcset=\"https:\/\/inocentar.tmf.bg.ac.rs\/wp-content\/uploads\/image-1335f95a1aa07135112c3c774248d076bdadb461f310c15966d8f558e9fb41a1-V-768x1024.jpg 768w, https:\/\/inocentar.tmf.bg.ac.rs\/wp-content\/uploads\/image-1335f95a1aa07135112c3c774248d076bdadb461f310c15966d8f558e9fb41a1-V-225x300.jpg 225w, https:\/\/inocentar.tmf.bg.ac.rs\/wp-content\/uploads\/image-1335f95a1aa07135112c3c774248d076bdadb461f310c15966d8f558e9fb41a1-V.jpg 960w\" sizes=\"auto, (max-width: 417px) 100vw, 417px\" \/><\/a><\/p>\n<p style=\"text-align: justify;\">Prvog dana na\u0161 \u0161tand posetio je dr\u017eavni sekretar Ministarstva nauke, prosvete i tehnolo\u0161kog razvoja prof. <strong>dr Aleksandar Beli\u0107<\/strong>, kao i pomo\u0107nik ministra prof. <strong>dr Branko Bugarski i \u0161ef odseka PKS za inovacije dr Danica Mi\u0107unovi\u0107<\/strong>.<\/p>\n<p style=\"text-align: justify;\"><a href=\"https:\/\/inocentar.tmf.bg.ac.rs\/wp-content\/uploads\/IMG_20150511_123700.jpg\"><img loading=\"lazy\" decoding=\"async\" class=\" wp-image-1205  aligncenter\" src=\"https:\/\/inocentar.tmf.bg.ac.rs\/wp-content\/uploads\/IMG_20150511_123700.jpg\" alt=\"IMG_20150511_123700\" width=\"580\" height=\"326\" srcset=\"https:\/\/inocentar.tmf.bg.ac.rs\/wp-content\/uploads\/IMG_20150511_123700.jpg 640w, https:\/\/inocentar.tmf.bg.ac.rs\/wp-content\/uploads\/IMG_20150511_123700-300x169.jpg 300w\" sizes=\"auto, (max-width: 580px) 100vw, 580px\" \/><\/a><\/p>\n<p style=\"text-align: justify;\"><a href=\"https:\/\/inocentar.tmf.bg.ac.rs\/wp-content\/uploads\/image-3c462000724f9a06752f1f94ec61cf5ea59ae6be9a456a8e6a91d28663404ea5-V.jpg\"><img loading=\"lazy\" decoding=\"async\" class=\" wp-image-1197  aligncenter\" src=\"https:\/\/inocentar.tmf.bg.ac.rs\/wp-content\/uploads\/image-3c462000724f9a06752f1f94ec61cf5ea59ae6be9a456a8e6a91d28663404ea5-V.jpg\" alt=\"image-3c462000724f9a06752f1f94ec61cf5ea59ae6be9a456a8e6a91d28663404ea5-V\" width=\"540\" height=\"405\" srcset=\"https:\/\/inocentar.tmf.bg.ac.rs\/wp-content\/uploads\/image-3c462000724f9a06752f1f94ec61cf5ea59ae6be9a456a8e6a91d28663404ea5-V.jpg 1280w, https:\/\/inocentar.tmf.bg.ac.rs\/wp-content\/uploads\/image-3c462000724f9a06752f1f94ec61cf5ea59ae6be9a456a8e6a91d28663404ea5-V-300x225.jpg 300w, https:\/\/inocentar.tmf.bg.ac.rs\/wp-content\/uploads\/image-3c462000724f9a06752f1f94ec61cf5ea59ae6be9a456a8e6a91d28663404ea5-V-1024x768.jpg 1024w, https:\/\/inocentar.tmf.bg.ac.rs\/wp-content\/uploads\/image-3c462000724f9a06752f1f94ec61cf5ea59ae6be9a456a8e6a91d28663404ea5-V-100x75.jpg 100w\" sizes=\"auto, (max-width: 540px) 100vw, 540px\" \/><\/a><\/p>\n<p style=\"text-align: justify;\">Posebna atrakcija \u0161tanda je dizajnerska izvedba robota &#8220;<strong>Tehnotrons<\/strong> &#8211; type ICtmf15&#8243;, \u010dija je uloga da privu\u010de pa\u017enju posetilaca, poslovnih partnera, kao i da zainteresuje mlade za obrazovanje i rad u svetu nauke i tehnike koju pru\u017ea\u00a0 TMF.<\/p>\n<p style=\"text-align: justify;\"><a href=\"https:\/\/inocentar.tmf.bg.ac.rs\/wp-content\/uploads\/image-125a868b11eefeb96bab4bccd891d4691ce3df718dec5ea67c0611763bd7a43a-V.jpg\"><img loading=\"lazy\" decoding=\"async\" class=\"  aligncenter wp-image-1191 \" src=\"https:\/\/inocentar.tmf.bg.ac.rs\/wp-content\/uploads\/image-125a868b11eefeb96bab4bccd891d4691ce3df718dec5ea67c0611763bd7a43a-V.jpg\" alt=\"image-125a868b11eefeb96bab4bccd891d4691ce3df718dec5ea67c0611763bd7a43a-V\" width=\"432\" height=\"576\" srcset=\"https:\/\/inocentar.tmf.bg.ac.rs\/wp-content\/uploads\/image-125a868b11eefeb96bab4bccd891d4691ce3df718dec5ea67c0611763bd7a43a-V.jpg 480w, https:\/\/inocentar.tmf.bg.ac.rs\/wp-content\/uploads\/image-125a868b11eefeb96bab4bccd891d4691ce3df718dec5ea67c0611763bd7a43a-V-225x300.jpg 225w\" sizes=\"auto, (max-width: 432px) 100vw, 432px\" \/><\/a><\/p>\n<p style=\"text-align: justify;\">Ovogodi\u0161nji 59. Sajam tehnike traje do petka 15. maja, pod sloganom &#8220;Korak za budu\u0107nost&#8221;. Prvi put je ovaj sajam odr\u017ean 1937. godine i bio je prva manifestacija na tek otvorenom Beogradskom sajmu.<\/p>\n<p style=\"text-align: justify;\">Radno vreme sajma: 10:00-18:00 h. Cena ulaznice 400 rsd, a parkinga 100 rsd\/h.<\/p>\n<p style=\"text-align: justify;\">\n","protected":false},"excerpt":{"rendered":"<p>Me\u0111unarodni sajam tehnike i tehni\u010dkih dostignu\u0107a otvoren je danas na Beogradskom sajmu, a okupio je 500 izlaga\u010da iz 25 zemalja. Sajam je otvorio ministar privrede Srbije \u017deljko Serti\u0107, koji je istakao da tako veliki broj kompanija koje izla\u017eu na Sajmu tehnike u Beogradu govori da smatraju da tr\u017ei\u0161te Srbije ima potencijal za rast i razvoj. [&hellip;]<\/p>\n","protected":false},"author":1,"featured_media":1190,"comment_status":"open","ping_status":"closed","sticky":false,"template":"","format":"standard","meta":{"_acf_changed":false,"_exactmetrics_skip_tracking":false,"_exactmetrics_sitenote_active":false,"_exactmetrics_sitenote_note":"","_exactmetrics_sitenote_category":0,"footnotes":""},"categories":[3],"tags":[],"class_list":["post-1189","post","type-post","status-publish","format-standard","has-post-thumbnail","hentry","category-vesti"],"acf":[],"_links":{"self":[{"href":"https:\/\/inocentar.tmf.bg.ac.rs\/index.php?rest_route=\/wp\/v2\/posts\/1189","targetHints":{"allow":["GET"]}}],"collection":[{"href":"https:\/\/inocentar.tmf.bg.ac.rs\/index.php?rest_route=\/wp\/v2\/posts"}],"about":[{"href":"https:\/\/inocentar.tmf.bg.ac.rs\/index.php?rest_route=\/wp\/v2\/types\/post"}],"author":[{"embeddable":true,"href":"https:\/\/inocentar.tmf.bg.ac.rs\/index.php?rest_route=\/wp\/v2\/users\/1"}],"replies":[{"embeddable":true,"href":"https:\/\/inocentar.tmf.bg.ac.rs\/index.php?rest_route=%2Fwp%2Fv2%2Fcomments&post=1189"}],"version-history":[{"count":8,"href":"https:\/\/inocentar.tmf.bg.ac.rs\/index.php?rest_route=\/wp\/v2\/posts\/1189\/revisions"}],"predecessor-version":[{"id":1206,"href":"https:\/\/inocentar.tmf.bg.ac.rs\/index.php?rest_route=\/wp\/v2\/posts\/1189\/revisions\/1206"}],"wp:featuredmedia":[{"embeddable":true,"href":"https:\/\/inocentar.tmf.bg.ac.rs\/index.php?rest_route=\/wp\/v2\/media\/1190"}],"wp:attachment":[{"href":"https:\/\/inocentar.tmf.bg.ac.rs\/index.php?rest_route=%2Fwp%2Fv2%2Fmedia&parent=1189"}],"wp:term":[{"taxonomy":"category","embeddable":true,"href":"https:\/\/inocentar.tmf.bg.ac.rs\/index.php?rest_route=%2Fwp%2Fv2%2Fcategories&post=1189"},{"taxonomy":"post_tag","embeddable":true,"href":"https:\/\/inocentar.tmf.bg.ac.rs\/index.php?rest_route=%2Fwp%2Fv2%2Ftags&post=1189"}],"curies":[{"name":"wp","href":"https:\/\/api.w.org\/{rel}","templated":true}]}}